{"id":1441,"date":"2020-03-11T19:54:48","date_gmt":"2020-03-11T19:54:48","guid":{"rendered":"https:\/\/sofia-ruiz.com\/?p=1441"},"modified":"2020-09-04T03:37:04","modified_gmt":"2020-09-04T03:37:04","slug":"sobreactuandocatychapa","status":"publish","type":"post","link":"https:\/\/sofia-ruiz.com\/es\/sobreactuandocatychapa\/","title":{"rendered":"Sobre Representaci\u00f3n con Caty Chapa"},"content":{"rendered":"<figure class=\"wp-block-image size-large\"><img loading=\"lazy\" decoding=\"async\" width=\"1024\" height=\"1024\" src=\"https:\/\/sofia-ruiz.com\/wp-content\/uploads\/2020\/03\/5-2-1024x1024.png\" alt=\"\" class=\"wp-image-1443\" srcset=\"https:\/\/sofia-ruiz.com\/wp-content\/uploads\/2020\/03\/5-2-1024x1024.png 1024w, https:\/\/sofia-ruiz.com\/wp-content\/uploads\/2020\/03\/5-2-300x300.png 300w, https:\/\/sofia-ruiz.com\/wp-content\/uploads\/2020\/03\/5-2-150x150.png 150w, https:\/\/sofia-ruiz.com\/wp-content\/uploads\/2020\/03\/5-2-768x768.png 768w, https:\/\/sofia-ruiz.com\/wp-content\/uploads\/2020\/03\/5-2.png 1080w\" sizes=\"auto, (max-width: 1024px) 100vw, 1024px\" \/><\/figure>\n\n\n<div class=\"powerpress_player\" id=\"powerpress_player_6008\"><audio class=\"wp-audio-shortcode\" id=\"audio-1441-1\" preload=\"none\" style=\"width: 100%;\" controls=\"controls\"><source type=\"audio\/mpeg\" src=\"https:\/\/media.blubrry.com\/sobreactuando\/content.blubrry.com\/sobreactuando\/302_Episodio_Sobre_Actuando_Caty_Chapa.mp3?_=1\" \/><a href=\"https:\/\/media.blubrry.com\/sobreactuando\/content.blubrry.com\/sobreactuando\/302_Episodio_Sobre_Actuando_Caty_Chapa.mp3\">https:\/\/media.blubrry.com\/sobreactuando\/content.blubrry.com\/sobreactuando\/302_Episodio_Sobre_Actuando_Caty_Chapa.mp3<\/a><\/audio><\/div><p class=\"powerpress_links powerpress_links_mp3\" style=\"margin-bottom: 1px !important;\">Podcast: <a href=\"https:\/\/media.blubrry.com\/sobreactuando\/content.blubrry.com\/sobreactuando\/302_Episodio_Sobre_Actuando_Caty_Chapa.mp3\" class=\"powerpress_link_pinw\" target=\"_blank\" title=\"Play in new window\" onclick=\"return powerpress_pinw('https:\/\/sofia-ruiz.com\/es\/?powerpress_pinw=1441-podcast');\" rel=\"nofollow\">Play in new window<\/a> | <a href=\"https:\/\/media.blubrry.com\/sobreactuando\/content.blubrry.com\/sobreactuando\/302_Episodio_Sobre_Actuando_Caty_Chapa.mp3\" class=\"powerpress_link_d\" title=\"Download\" rel=\"nofollow\" download=\"302_Episodio_Sobre_Actuando_Caty_Chapa.mp3\">Download<\/a> (Duration: 55:23 &#8212; 25.4MB) | <a href=\"#\" class=\"powerpress_link_e\" title=\"Embed\" onclick=\"return powerpress_show_embed('1441-podcast');\" rel=\"nofollow\">Embed<\/a><\/p><p class=\"powerpress_embed_box\" id=\"powerpress_embed_1441-podcast\" style=\"display: none;\"><input id=\"powerpress_embed_1441-podcast_t\" type=\"text\" value=\"&lt;iframe width=&quot;320&quot; height=&quot;30&quot; src=&quot;https:\/\/sofia-ruiz.com\/es\/?powerpress_embed=1441-podcast&amp;amp;powerpress_player=mediaelement-audio&quot; title=&quot;Blubrry Podcast Player&quot; frameborder=&quot;0&quot; scrolling=&quot;no&quot;&gt;&lt;\/iframe&gt;\" onclick=\"javascript: this.select();\" onfocus=\"javascript: this.select();\" style=\"width: 70%;\" readonly><\/p><p class=\"powerpress_links powerpress_subscribe_links\">Subscribe: <a href=\"https:\/\/open.spotify.com\/show\/7FBNXGhzKMK6GIr0NNWDJB\" class=\"powerpress_link_subscribe powerpress_link_subscribe_spotify\" target=\"_blank\" title=\"Subscribe on Spotify\" rel=\"nofollow\">Spotify<\/a> | <a href=\"https:\/\/tunein.com\/podcasts\/Arts--Culture-Podcasts\/Sobre-Actuando-p1184958\/\" class=\"powerpress_link_subscribe powerpress_link_subscribe_tunein\" target=\"_blank\" title=\"Subscribe on TuneIn\" rel=\"nofollow\">TuneIn<\/a> | <a href=\"https:\/\/sobreactuando.com\/feed\/podcast\/\" class=\"powerpress_link_subscribe powerpress_link_subscribe_rss\" target=\"_blank\" title=\"Subscribe via RSS\" rel=\"nofollow\">RSS<\/a> | <a href=\"https:\/\/sofia-ruiz.com\/es\/sobreactuando\/suscribete\/\" class=\"powerpress_link_subscribe powerpress_link_subscribe_more\" target=\"_blank\" title=\"More\" rel=\"nofollow\">More<\/a><\/p>\n\n\n\n<p class=\"has-drop-cap\">Seguimos con la temporada,<em> Sobre Mujeres<\/em>, en la que estaremos discutiendo todo tipo de temas relacionados al g\u00e9nero en nuestra industria, para buscar crear espacios seguros para todes.&nbsp; En \u00e9ste cap\u00edtulo hablamos con Caty Chapa, de Acento DI. Caty es docente y activista feminista en diferentes colectivos de Monterrey. Es co fundadora de Acento DI, una&nbsp;consultor\u00eda que busca sensibilizar a las empresas sobre la importancia de la diversidad y la inclusi\u00f3n e implementar medidas para incrementarla. Definimos los t\u00e9rminos clave para empezar a tener \u00e9stas conversaciones, como perspectiva de g\u00e9nero, interseccionalidad y feminismo. Hablamos sobre el poder que tienen los medios para moldear nuestra cultura y por qu\u00e9 entonces es importante la representaci\u00f3n y diversidad en pantalla. <br><br>Sigue a Caty en <a rel=\"noreferrer noopener\" aria-label=\"Instagram (opens in a new tab)\" href=\"https:\/\/www.instagram.com\/catychapa\/\" target=\"_blank\">Instagram<\/a>.<br>Sigue a AcentoDI en <a rel=\"noreferrer noopener\" aria-label=\"Facebook (opens in a new tab)\" href=\"https:\/\/www.facebook.com\/AcentoDI-2483280775065386\/?modal=admin_todo_tour\" target=\"_blank\">Facebook<\/a>, <a rel=\"noreferrer noopener\" aria-label=\"Instagram (opens in a new tab)\" href=\"https:\/\/www.instagram.com\/acento.di\" target=\"_blank\">Instagram<\/a> o su <a rel=\"noreferrer noopener\" aria-label=\"p\u00e1gina (opens in a new tab)\" href=\"https:\/\/www.acentodi.mx\/\" target=\"_blank\">p\u00e1gina<\/a>. Tambi\u00e9n puedes escuchar su podcast en <a rel=\"noreferrer noopener\" aria-label=\"Spotify (opens in a new tab)\" href=\"https:\/\/open.spotify.com\/show\/2y95qgurmPSNQE3n17ThqP\" target=\"_blank\">Spotify<\/a> y <a rel=\"noreferrer noopener\" aria-label=\"ApplePodcasts (opens in a new tab)\" href=\"https:\/\/podcasts.apple.com\/mx\/podcast\/disrupci%C3%B3n-por-acentodi\/id1484283340\" target=\"_blank\">ApplePodcasts<\/a>.<br>S\u00edgueme a mi: <a rel=\"noreferrer noopener\" aria-label=\" (opens in a new tab)\" href=\"https:\/\/instagram.com\/sofiaruizactor\/\" target=\"_blank\">@sofiaruizactor<\/a><br>O nuestro instagram: <a href=\"https:\/\/www.instagram.com\/sobreactuandopod\/\">@sobreactuandopod<\/a><br><br>Temas que tocamos en \u00e9ste episodio:<br><a rel=\"noreferrer noopener\" aria-label=\"Ya Es Hora (opens in a new tab)\" href=\"https:\/\/www.yaeshoramx.org\/\" target=\"_blank\">Ya Es Hora<\/a><br>Ve <a rel=\"noreferrer noopener\" aria-label=\"Miss Representation (opens in a new tab)\" href=\"https:\/\/www.imdb.com\/title\/tt1784538\/\" target=\"_blank\">Miss Representation<\/a> en Netflix<br><a rel=\"noreferrer noopener\" aria-label=\"The Pop Culture Detective (opens in a new tab)\" href=\"https:\/\/www.youtube.com\/channel\/UCHiwtz2tCEfS17N9A-WoSSw\" target=\"_blank\">The Pop Culture Detective<\/a><br>Visita el estudio <a rel=\"noreferrer noopener\" aria-label=\"ENADIS (opens in a new tab)\" href=\"https:\/\/www.inegi.org.mx\/programas\/enadis\/2017\/\" target=\"_blank\">ENADIS<\/a><br><br>\u00a1Si tienes sugerencias de temas, m\u00e1ndame un mensaje directo por Instagram!  Y si tienes un segundito, reg\u00e1lanos una rese\u00f1a y cinco estrellas en tu app de podcasts, as\u00ed le podremos llegar a m\u00e1s y futuros actores \ud83d\ude09<\/p>\n\n\n\n<p>Este episodio es producido por Flowerhouse Productions, visita nuestra p\u00e1gina en <a href=\"http:\/\/flowerhousefilms.com\/\">flowerhousefilms.com<\/a><br><br> M\u00fasica de <a rel=\"noreferrer noopener\" href=\"http:\/\/%20https\/\/goo.gl\/xvJRWZ\" target=\"_blank\">Text Me Records<\/a> del <a rel=\"noreferrer noopener\" href=\"https:\/\/www.youtube.com\/audiolibrary\/music?nv=1\" target=\"_blank\">YouTube Audio Library<\/a>. <br><br>Las opiniones expresadas en \u00e9ste episodio son responsabilidad de la entrevistada y no representan las opiniones de la entrevistadora o del podcast.<\/p>\n\n\n\n<div style=\"height:100px\" aria-hidden=\"true\" class=\"wp-block-spacer\"><\/div>","protected":false},"excerpt":{"rendered":"<p>Seguimos con la temporada, Sobre Mujeres, en la que estaremos discutiendo todo tipo de temas relacionados al g\u00e9nero en nuestra industria, para buscar crear espacios seguros para todes.&nbsp; En \u00e9ste cap\u00edtulo hablamos con Caty Chapa, de Acento DI. Caty es docente y activista feminista en diferentes colectivos de Monterrey. Es co fundadora de Acento DI,&#8230;<\/p>","protected":false},"author":1,"featured_media":1443,"comment_status":"closed","ping_status":"closed","sticky":false,"template":"","format":"standard","meta":{"footnotes":""},"categories":[48,164],"tags":[170,46,43,166,168,171,42,165,62],"class_list":["post-1441","post","type-post","status-publish","format-standard","has-post-thumbnail","hentry","category-episodes","category-season-3","tag-acentodi","tag-actor","tag-actuacion","tag-feminism","tag-igualdad","tag-inclusion","tag-podcasts","tag-season-3","tag-sofia-ruiz"],"_links":{"self":[{"href":"https:\/\/sofia-ruiz.com\/es\/wp-json\/wp\/v2\/posts\/1441","targetHints":{"allow":["GET"]}}],"collection":[{"href":"https:\/\/sofia-ruiz.com\/es\/wp-json\/wp\/v2\/posts"}],"about":[{"href":"https:\/\/sofia-ruiz.com\/es\/wp-json\/wp\/v2\/types\/post"}],"author":[{"embeddable":true,"href":"https:\/\/sofia-ruiz.com\/es\/wp-json\/wp\/v2\/users\/1"}],"replies":[{"embeddable":true,"href":"https:\/\/sofia-ruiz.com\/es\/wp-json\/wp\/v2\/comments?post=1441"}],"version-history":[{"count":4,"href":"https:\/\/sofia-ruiz.com\/es\/wp-json\/wp\/v2\/posts\/1441\/revisions"}],"predecessor-version":[{"id":1467,"href":"https:\/\/sofia-ruiz.com\/es\/wp-json\/wp\/v2\/posts\/1441\/revisions\/1467"}],"wp:featuredmedia":[{"embeddable":true,"href":"https:\/\/sofia-ruiz.com\/es\/wp-json\/wp\/v2\/media\/1443"}],"wp:attachment":[{"href":"https:\/\/sofia-ruiz.com\/es\/wp-json\/wp\/v2\/media?parent=1441"}],"wp:term":[{"taxonomy":"category","embeddable":true,"href":"https:\/\/sofia-ruiz.com\/es\/wp-json\/wp\/v2\/categories?post=1441"},{"taxonomy":"post_tag","embeddable":true,"href":"https:\/\/sofia-ruiz.com\/es\/wp-json\/wp\/v2\/tags?post=1441"}],"curies":[{"name":"wp","href":"https:\/\/api.w.org\/{rel}","templated":true}]}}